{"id":12154,"date":"2019-11-21T17:04:48","date_gmt":"2019-11-21T16:04:48","guid":{"rendered":"http:\/\/www.fondazionecasaperanziani.it\/?p=12154"},"modified":"2019-11-21T17:19:23","modified_gmt":"2019-11-21T16:19:23","slug":"servizio-di-comunita-un-nuovo-progetto-della-fondazione-casa-per-anziani","status":"publish","type":"post","link":"https:\/\/www.fondazionecasaperanziani.it\/?p=12154","title":{"rendered":"SERVIZIO DI COMUNITA&#8217; un nuovo progetto della &#8220;FONDAZIONE CASA PER ANZIANI&#8221;"},"content":{"rendered":"<p align=\"JUSTIFY\"><strong><span style=\"color: #000000;\"><span style=\"font-family: Albertus MT, sans-serif;\"><span style=\"font-size: medium;\">In un ottica in cui dal territorio sempre pi\u00f9 forte \u00e8 la richiesta di servizi per la terza et\u00e0, il centro di servizi Fondazione Casa per Anziani di Pieve di Soligo guarda al futuro con dei progetti appositamente dedicati. <\/span><\/span><\/span><\/strong><\/p>\n<p align=\"JUSTIFY\"><span style=\"color: #000000; font-family: Albertus MT, sans-serif; font-size: medium;\"><b>Si \u00e8 tenuto oggi, presso il comune di Pieve di Soligo un incontro con l&#8217;Assessore ai Servizi Sociali dottor Tobia Donadel, la Responsabile dei Servizi Sociali dott.ssa Loretta Gallon e il dottor Thomas Lavia assistente sociale di Pieve di Soligo\/Refrontolo nonch\u00e9 con la direttrice della casa di riposo di Pieve sig.ra Paola Gaiarin e l&#8217;assistente sociale dott.ssa Paola Licini dove si \u00e8 proposto un nuovo Progetto chiamato &#8220;Servizio di Comunit\u00e0&#8221; che coinvolger\u00e0 l&#8217;intero territorio. <\/b><\/span><\/p>\n<p align=\"JUSTIFY\"><strong><span style=\"color: #000000;\"><span style=\"font-family: Albertus MT, sans-serif;\"><span style=\"font-size: medium;\">Gi\u00e0 attivi con il progetto &#8220;Benessere Terza Et\u00e0&#8221; il centro di servizi pievigino, apre uno scenario nuovo fornendo una risposta al sistema di assistenza precisa e qualificata, segnando uno stacco rispetto alle tradizionali modalit\u00e0 di offerta. <\/span><\/span><\/span><\/strong><\/p>\n<p align=\"JUSTIFY\"><strong><span style=\"color: #000000;\"><span style=\"font-family: Albertus MT, sans-serif;\"><span style=\"font-size: medium;\">Si \u00e8 rilevata l&#8217;esigenza che le strutture residenziali non siano l&#8217;unico approdo per una forma di inclusione sociale. L&#8217;idea di creare il &#8220;Servizio di Comunit\u00e0&#8221; nasce da un team di professionisti che in squadra ha realizzato e progettato una risposta di benessere e di prevenzione per le situazioni di isolamento sociale. L&#8217;idea di partenza \u00e8 che si pu\u00f2 &#8220;stare bene&#8221; e si possono prevenire le situazioni di disagio e marginalit\u00e0 sociale attraverso progetti di stimolazione, &#8220;maternage&#8221; e cura. <\/span><\/span><\/span><\/strong><\/p>\n<p align=\"JUSTIFY\"><strong><span style=\"color: #000000;\"><span style=\"font-family: Albertus MT, sans-serif;\"><span style=\"font-size: medium;\">Quando mi \u00e8 stato proposto dal mio team questo progetto, dice la direttrice sig.ra Paola Gaiarin l&#8217;ho subito colto con entusiasmo. Il nostro percorso si propone di mettere in movimento il territorio, in una visione di welfare che attivi la comunit\u00e0 a riconoscere le proprie necessit\u00e0 e che faccia da rete creando dei percorsi condivisi per valorizzare le ricchezze del tessuto sociale. <\/span><\/span><\/span><\/strong><\/p>\n<p align=\"JUSTIFY\"><strong><span style=\"color: #000000;\"><span style=\"font-family: Albertus MT, sans-serif;\"><span style=\"font-size: medium;\">Noi ci prendiamo &#8220;cura delle persone anziane&#8221; che hanno bisogno di aiuto e che stando a casa propria rischiano di isolarsi. <\/span><\/span><\/span><\/strong><\/p>\n<p align=\"JUSTIFY\"><strong><span style=\"color: #000000;\"><span style=\"font-family: Albertus MT, sans-serif;\"><span style=\"font-size: medium;\">Questo progetto &#8220;Servizio di Comunit\u00e0&#8221; continua la direttrice, \u00e8 rivolto a persone anziane autosufficienti e ancora autonomi, ma in condizioni di fragilit\u00e0 sociale che necessitano di maggior aiuto.<\/span><\/span><\/span><\/strong><\/p>\n<p align=\"JUSTIFY\"><strong><span style=\"color: #000000;\"><span style=\"font-family: Albertus MT, sans-serif;\"><span style=\"font-size: medium;\">Il progetto \u00e8 stato accolto con entusiasmo dai servizi sociali del comune di Pieve di Soligo e i cittadini che vorranno avere maggiori informazioni possono rivolgersi all&#8217;assistente sociale della Fondazione Casa per Anziani dott.ssa Licini Paola oppure ai servizi sociali del territorio.<\/span><\/span><\/span><\/strong><\/p>\n<p align=\"JUSTIFY\"><strong><span style=\"color: #000000;\"><span style=\"font-family: Albertus MT, sans-serif;\"><span style=\"font-size: medium;\"><a href=\"http:\/\/www.fondazionecasaperanziani.it\/wp-content\/uploads\/2019\/11\/brochure.pub_.pdf\">brochure.pub<\/a><\/span><\/span><\/span><\/strong><\/p>\n<p align=\"JUSTIFY\"><strong><span style=\"color: #000000;\"><span style=\"font-family: Albertus MT, sans-serif;\"><span style=\"font-size: medium;\"><a href=\"http:\/\/www.fondazionecasaperanziani.it\/wp-content\/uploads\/2019\/11\/SLIDE-SERVIZIO-DI-COMUNITA-1.pdf\">SLIDE SERVIZIO DI COMUNITA&#8217; 1<\/a><\/span><\/span><\/span><\/strong><\/p>\n","protected":false},"excerpt":{"rendered":"<p>In un ottica in cui dal territorio sempre pi\u00f9 forte \u00e8 la richiesta di servizi per la terza et\u00e0, il centro di servizi Fondazione Casa per Anziani di Pieve di Soligo guarda al futuro con dei progetti appositamente dedicati. Si \u00e8 tenuto oggi, presso il comune di Pieve di Soligo un incontro con l&#8217;Assessore ai Servizi Sociali dottor Tobia Donadel, la Responsabile dei Servizi Sociali dott.ssa Loretta Gallon e il dottor Thomas Lavia assistente sociale di Pieve di Soligo\/Refrontolo nonch\u00e9 [&hellip;]<\/p>\n","protected":false},"author":5,"featured_media":12159,"comment_status":"closed","ping_status":"closed","sticky":false,"template":"","format":"standard","meta":{"footnotes":""},"categories":[60],"tags":[],"class_list":["post-12154","post","type-post","status-publish","format-standard","has-post-thumbnail","hentry","category-eventi"],"_links":{"self":[{"href":"https:\/\/www.fondazionecasaperanziani.it\/index.php?rest_route=\/wp\/v2\/posts\/12154","targetHints":{"allow":["GET"]}}],"collection":[{"href":"https:\/\/www.fondazionecasaperanziani.it\/index.php?rest_route=\/wp\/v2\/posts"}],"about":[{"href":"https:\/\/www.fondazionecasaperanziani.it\/index.php?rest_route=\/wp\/v2\/types\/post"}],"author":[{"embeddable":true,"href":"https:\/\/www.fondazionecasaperanziani.it\/index.php?rest_route=\/wp\/v2\/users\/5"}],"replies":[{"embeddable":true,"href":"https:\/\/www.fondazionecasaperanziani.it\/index.php?rest_route=%2Fwp%2Fv2%2Fcomments&post=12154"}],"version-history":[{"count":1,"href":"https:\/\/www.fondazionecasaperanziani.it\/index.php?rest_route=\/wp\/v2\/posts\/12154\/revisions"}],"predecessor-version":[{"id":12158,"href":"https:\/\/www.fondazionecasaperanziani.it\/index.php?rest_route=\/wp\/v2\/posts\/12154\/revisions\/12158"}],"wp:featuredmedia":[{"embeddable":true,"href":"https:\/\/www.fondazionecasaperanziani.it\/index.php?rest_route=\/wp\/v2\/media\/12159"}],"wp:attachment":[{"href":"https:\/\/www.fondazionecasaperanziani.it\/index.php?rest_route=%2Fwp%2Fv2%2Fmedia&parent=12154"}],"wp:term":[{"taxonomy":"category","embeddable":true,"href":"https:\/\/www.fondazionecasaperanziani.it\/index.php?rest_route=%2Fwp%2Fv2%2Fcategories&post=12154"},{"taxonomy":"post_tag","embeddable":true,"href":"https:\/\/www.fondazionecasaperanziani.it\/index.php?rest_route=%2Fwp%2Fv2%2Ftags&post=12154"}],"curies":[{"name":"wp","href":"https:\/\/api.w.org\/{rel}","templated":true}]}}