{"id":11990,"date":"2019-06-03T13:10:58","date_gmt":"2019-06-03T11:10:58","guid":{"rendered":"http:\/\/www.fondazionecasaperanziani.it\/?p=11990"},"modified":"2019-06-10T08:30:45","modified_gmt":"2019-06-10T06:30:45","slug":"gita-a-caorle","status":"publish","type":"post","link":"https:\/\/www.fondazionecasaperanziani.it\/?p=11990","title":{"rendered":"GITA A CAORLE"},"content":{"rendered":"<p>IN GITA A CAORLE.<br \/>\nLuned\u00ec 3 giugno un gruppo di circa 50 persone tra ospiti ed accompagnatori si \u00e8 recato &#8220;in quel di Caorle&#8221; per una gita durata l&#8217;intera giornata.<br \/>\nL&#8217;idea di recarsi in una localit\u00e0 costiera come Caorle \u00e8 nata quasi per caso quando, chiacchierando con alcuni ospiti, \u00e8 emerso dai loro racconti che alcuni non avevano mai visto il mare. Detto fatto, gita organizzata!<br \/>\nSiamo partiti in corr<span class=\"text_exposed_show\">iera a met\u00e0 mattinata e come ogni buona comitiva che si rispetti il viaggio non \u00e8 stato certo monotono&#8230;&#8230;..canti, qualche barzelletta e qualche aneddoto raccontato da don Piero. Abbiamo pranzato tutti insieme presso la casa vacanze dei &#8220;Padri Stimmatini&#8221;<\/span><span class=\"text_exposed_show\">proprio fronte-mare e trascorso il pomeriggio tra avvincenti e competitive sfide a bocce, risate, canti di gruppo, tanta allegria e naturalmente una passeggiata sulla spiaggia cercando di avvicinarci il pi\u00f9 possibile all&#8217;acqua.<br \/>\nCome riferisce la Direttrice Paola Gaiarin, presente alla gita insieme al Presidente Francesco Roccatelli e alla Presidente del Consiglio degli Anziani Simonetta Antoniazzi&#8230;&#8230;&#8230;&#8230;&#8230;&#8230;&#8230;.&#8221; non \u00e8 mai troppo tardi per vedere il mare&#8221;.<br \/>\nAl rientro verso casa qualcuno ipotizzava gi\u00e0 la meta della prossima gita&#8230;&#8230;&#8230;<\/span><\/p>\n<p><img loading=\"lazy\" decoding=\"async\" class=\"alignnone size-medium wp-image-11996\" src=\"http:\/\/www.fondazionecasaperanziani.it\/wp-content\/uploads\/2019\/06\/gita-a-caorle-1-300x200.jpg\" alt=\"\" width=\"300\" height=\"200\" srcset=\"https:\/\/www.fondazionecasaperanziani.it\/wp-content\/uploads\/2019\/06\/gita-a-caorle-1-300x200.jpg 300w, https:\/\/www.fondazionecasaperanziani.it\/wp-content\/uploads\/2019\/06\/gita-a-caorle-1-768x512.jpg 768w, https:\/\/www.fondazionecasaperanziani.it\/wp-content\/uploads\/2019\/06\/gita-a-caorle-1-1024x683.jpg 1024w, https:\/\/www.fondazionecasaperanziani.it\/wp-content\/uploads\/2019\/06\/gita-a-caorle-1-1400x933.jpg 1400w, https:\/\/www.fondazionecasaperanziani.it\/wp-content\/uploads\/2019\/06\/gita-a-caorle-1-800x533.jpg 800w, https:\/\/www.fondazionecasaperanziani.it\/wp-content\/uploads\/2019\/06\/gita-a-caorle-1.jpg 2048w\" sizes=\"auto, (max-width: 300px) 100vw, 300px\" \/><img loading=\"lazy\" decoding=\"async\" class=\"alignnone size-medium wp-image-12005\" src=\"http:\/\/www.fondazionecasaperanziani.it\/wp-content\/uploads\/2019\/06\/gita-a-caorle-3-1-300x200.jpg\" alt=\"\" width=\"300\" height=\"200\" srcset=\"https:\/\/www.fondazionecasaperanziani.it\/wp-content\/uploads\/2019\/06\/gita-a-caorle-3-1-300x200.jpg 300w, https:\/\/www.fondazionecasaperanziani.it\/wp-content\/uploads\/2019\/06\/gita-a-caorle-3-1-768x512.jpg 768w, https:\/\/www.fondazionecasaperanziani.it\/wp-content\/uploads\/2019\/06\/gita-a-caorle-3-1-1024x683.jpg 1024w, https:\/\/www.fondazionecasaperanziani.it\/wp-content\/uploads\/2019\/06\/gita-a-caorle-3-1-1400x933.jpg 1400w, https:\/\/www.fondazionecasaperanziani.it\/wp-content\/uploads\/2019\/06\/gita-a-caorle-3-1-800x533.jpg 800w, https:\/\/www.fondazionecasaperanziani.it\/wp-content\/uploads\/2019\/06\/gita-a-caorle-3-1.jpg 2048w\" sizes=\"auto, (max-width: 300px) 100vw, 300px\" \/><img loading=\"lazy\" decoding=\"async\" class=\"alignnone size-medium wp-image-12006\" src=\"http:\/\/www.fondazionecasaperanziani.it\/wp-content\/uploads\/2019\/06\/gita-a-caorle-4-1-300x200.jpg\" alt=\"\" width=\"300\" height=\"200\" srcset=\"https:\/\/www.fondazionecasaperanziani.it\/wp-content\/uploads\/2019\/06\/gita-a-caorle-4-1-300x200.jpg 300w, https:\/\/www.fondazionecasaperanziani.it\/wp-content\/uploads\/2019\/06\/gita-a-caorle-4-1-768x512.jpg 768w, https:\/\/www.fondazionecasaperanziani.it\/wp-content\/uploads\/2019\/06\/gita-a-caorle-4-1-1024x683.jpg 1024w, https:\/\/www.fondazionecasaperanziani.it\/wp-content\/uploads\/2019\/06\/gita-a-caorle-4-1-1400x933.jpg 1400w, https:\/\/www.fondazionecasaperanziani.it\/wp-content\/uploads\/2019\/06\/gita-a-caorle-4-1-800x533.jpg 800w, https:\/\/www.fondazionecasaperanziani.it\/wp-content\/uploads\/2019\/06\/gita-a-caorle-4-1.jpg 2048w\" sizes=\"auto, (max-width: 300px) 100vw, 300px\" \/><img loading=\"lazy\" decoding=\"async\" class=\"alignnone size-medium wp-image-12002\" src=\"http:\/\/www.fondazionecasaperanziani.it\/wp-content\/uploads\/2019\/06\/gita-a-corle-4-300x200.jpg\" alt=\"\" width=\"300\" height=\"200\" srcset=\"https:\/\/www.fondazionecasaperanziani.it\/wp-content\/uploads\/2019\/06\/gita-a-corle-4-300x200.jpg 300w, https:\/\/www.fondazionecasaperanziani.it\/wp-content\/uploads\/2019\/06\/gita-a-corle-4-768x512.jpg 768w, https:\/\/www.fondazionecasaperanziani.it\/wp-content\/uploads\/2019\/06\/gita-a-corle-4-1024x683.jpg 1024w, https:\/\/www.fondazionecasaperanziani.it\/wp-content\/uploads\/2019\/06\/gita-a-corle-4-1400x933.jpg 1400w, https:\/\/www.fondazionecasaperanziani.it\/wp-content\/uploads\/2019\/06\/gita-a-corle-4-800x533.jpg 800w, https:\/\/www.fondazionecasaperanziani.it\/wp-content\/uploads\/2019\/06\/gita-a-corle-4.jpg 2048w\" sizes=\"auto, (max-width: 300px) 100vw, 300px\" \/><img loading=\"lazy\" decoding=\"async\" class=\"alignnone size-medium wp-image-12008\" src=\"http:\/\/www.fondazionecasaperanziani.it\/wp-content\/uploads\/2019\/06\/gita-a-caorle-6-1-300x200.jpg\" alt=\"\" width=\"300\" height=\"200\" srcset=\"https:\/\/www.fondazionecasaperanziani.it\/wp-content\/uploads\/2019\/06\/gita-a-caorle-6-1-300x200.jpg 300w, https:\/\/www.fondazionecasaperanziani.it\/wp-content\/uploads\/2019\/06\/gita-a-caorle-6-1-768x512.jpg 768w, https:\/\/www.fondazionecasaperanziani.it\/wp-content\/uploads\/2019\/06\/gita-a-caorle-6-1-1024x683.jpg 1024w, https:\/\/www.fondazionecasaperanziani.it\/wp-content\/uploads\/2019\/06\/gita-a-caorle-6-1-1400x933.jpg 1400w, https:\/\/www.fondazionecasaperanziani.it\/wp-content\/uploads\/2019\/06\/gita-a-caorle-6-1-800x533.jpg 800w, https:\/\/www.fondazionecasaperanziani.it\/wp-content\/uploads\/2019\/06\/gita-a-caorle-6-1.jpg 2048w\" sizes=\"auto, (max-width: 300px) 100vw, 300px\" \/><img loading=\"lazy\" decoding=\"async\" class=\"alignnone size-medium wp-image-12007\" src=\"http:\/\/www.fondazionecasaperanziani.it\/wp-content\/uploads\/2019\/06\/gita-a-caorle-5-1-300x225.jpg\" alt=\"\" width=\"300\" height=\"225\" srcset=\"https:\/\/www.fondazionecasaperanziani.it\/wp-content\/uploads\/2019\/06\/gita-a-caorle-5-1-300x225.jpg 300w, https:\/\/www.fondazionecasaperanziani.it\/wp-content\/uploads\/2019\/06\/gita-a-caorle-5-1-768x576.jpg 768w, https:\/\/www.fondazionecasaperanziani.it\/wp-content\/uploads\/2019\/06\/gita-a-caorle-5-1-1024x768.jpg 1024w, https:\/\/www.fondazionecasaperanziani.it\/wp-content\/uploads\/2019\/06\/gita-a-caorle-5-1-1400x1050.jpg 1400w, https:\/\/www.fondazionecasaperanziani.it\/wp-content\/uploads\/2019\/06\/gita-a-caorle-5-1-800x600.jpg 800w, https:\/\/www.fondazionecasaperanziani.it\/wp-content\/uploads\/2019\/06\/gita-a-caorle-5-1.jpg 1600w\" sizes=\"auto, (max-width: 300px) 100vw, 300px\" \/><\/p>\n<p>&nbsp;<\/p>\n<p>&nbsp;<\/p>\n","protected":false},"excerpt":{"rendered":"<p>IN GITA A CAORLE. Luned\u00ec 3 giugno un gruppo di circa 50 persone tra ospiti ed accompagnatori si \u00e8 recato &#8220;in quel di Caorle&#8221; per una gita durata l&#8217;intera giornata. L&#8217;idea di recarsi in una localit\u00e0 costiera come Caorle \u00e8 nata quasi per caso quando, chiacchierando con alcuni ospiti, \u00e8 emerso dai loro racconti che alcuni non avevano mai visto il mare. Detto fatto, gita organizzata! Siamo partiti in corriera a met\u00e0 mattinata e come ogni buona comitiva che si [&hellip;]<\/p>\n","protected":false},"author":5,"featured_media":12003,"comment_status":"closed","ping_status":"closed","sticky":false,"template":"","format":"standard","meta":{"footnotes":""},"categories":[60],"tags":[],"class_list":["post-11990","post","type-post","status-publish","format-standard","has-post-thumbnail","hentry","category-eventi"],"_links":{"self":[{"href":"https:\/\/www.fondazionecasaperanziani.it\/index.php?rest_route=\/wp\/v2\/posts\/11990","targetHints":{"allow":["GET"]}}],"collection":[{"href":"https:\/\/www.fondazionecasaperanziani.it\/index.php?rest_route=\/wp\/v2\/posts"}],"about":[{"href":"https:\/\/www.fondazionecasaperanziani.it\/index.php?rest_route=\/wp\/v2\/types\/post"}],"author":[{"embeddable":true,"href":"https:\/\/www.fondazionecasaperanziani.it\/index.php?rest_route=\/wp\/v2\/users\/5"}],"replies":[{"embeddable":true,"href":"https:\/\/www.fondazionecasaperanziani.it\/index.php?rest_route=%2Fwp%2Fv2%2Fcomments&post=11990"}],"version-history":[{"count":6,"href":"https:\/\/www.fondazionecasaperanziani.it\/index.php?rest_route=\/wp\/v2\/posts\/11990\/revisions"}],"predecessor-version":[{"id":12012,"href":"https:\/\/www.fondazionecasaperanziani.it\/index.php?rest_route=\/wp\/v2\/posts\/11990\/revisions\/12012"}],"wp:featuredmedia":[{"embeddable":true,"href":"https:\/\/www.fondazionecasaperanziani.it\/index.php?rest_route=\/wp\/v2\/media\/12003"}],"wp:attachment":[{"href":"https:\/\/www.fondazionecasaperanziani.it\/index.php?rest_route=%2Fwp%2Fv2%2Fmedia&parent=11990"}],"wp:term":[{"taxonomy":"category","embeddable":true,"href":"https:\/\/www.fondazionecasaperanziani.it\/index.php?rest_route=%2Fwp%2Fv2%2Fcategories&post=11990"},{"taxonomy":"post_tag","embeddable":true,"href":"https:\/\/www.fondazionecasaperanziani.it\/index.php?rest_route=%2Fwp%2Fv2%2Ftags&post=11990"}],"curies":[{"name":"wp","href":"https:\/\/api.w.org\/{rel}","templated":true}]}}