{"id":11977,"date":"2019-05-31T09:08:02","date_gmt":"2019-05-31T07:08:02","guid":{"rendered":"http:\/\/www.fondazionecasaperanziani.it\/?p=11977"},"modified":"2019-06-03T13:13:00","modified_gmt":"2019-06-03T11:13:00","slug":"inaugurazione-fiat-doblo","status":"publish","type":"post","link":"https:\/\/www.fondazionecasaperanziani.it\/?p=11977","title":{"rendered":"INAUGURAZIONE FIAT DOBLO&#8217;"},"content":{"rendered":"<p>&nbsp;<\/p>\n<p>&nbsp;<\/p>\n<p>&nbsp;<\/p>\n<p><img loading=\"lazy\" decoding=\"async\" class=\"alignnone size-medium wp-image-11983 aligncenter\" src=\"http:\/\/www.fondazionecasaperanziani.it\/wp-content\/uploads\/2019\/05\/DSC_0284-300x200.jpg\" alt=\"\" width=\"300\" height=\"200\" srcset=\"https:\/\/www.fondazionecasaperanziani.it\/wp-content\/uploads\/2019\/05\/DSC_0284-300x200.jpg 300w, https:\/\/www.fondazionecasaperanziani.it\/wp-content\/uploads\/2019\/05\/DSC_0284-768x512.jpg 768w, https:\/\/www.fondazionecasaperanziani.it\/wp-content\/uploads\/2019\/05\/DSC_0284-1024x683.jpg 1024w, https:\/\/www.fondazionecasaperanziani.it\/wp-content\/uploads\/2019\/05\/DSC_0284-1400x933.jpg 1400w, https:\/\/www.fondazionecasaperanziani.it\/wp-content\/uploads\/2019\/05\/DSC_0284-800x533.jpg 800w\" sizes=\"auto, (max-width: 300px) 100vw, 300px\" \/><\/p>\n<p>Il 30 maggio presso il centro di servizi \u201cFondazione Casa per Anziani\u201d ONLUS di Pieve di Soligo, si \u00e8 tenuta l\u2019inaugurazione del veicolo FIAT DOBLO\u2019 allestito inoltre anche per il trasporto disabili e acquistato grazie ai contributi della <strong>Banca di Credito Cooperativo delle Prealpi, della Eurovo srl<\/strong> e della <strong>Bocon srl. <\/strong>Esso sar\u00e0 destinato per il servizio al territorio che ormai da anni vede protagonista la Fondazione Casa per Anziani con il \u201cProgetto Benessere Terza Et\u00e0\u201d.Per noi \u00e8 un onore ed una gioia dice il presidente della struttura sig. Francesco Roccatelli insieme alla direttrice sig.ra Paola Gaiarin stringere la mano oggi a coloro i quali hanno riconosciuto l\u2019importanza del servizio erogato in fondazione e nel territorio e hanno sensibilmente abbracciato la nostra necessit\u00e0 di continuare ad essere presenti con i nostri servizi.Il Presidente vicario della BCCP esprime da parte della Banca, la soddisfazione di aver dato possibilit\u00e0 alla struttura di svolgere attraverso il mezzo, un servizio alla collettivit\u00e0, la banca dice attraverso i suoi soci ha dato alla fondazione e la fondazione restituisce alla collettivit\u00e0 attraverso queste opere.Dopo i saluti del sindaco di Pieve di Soligo Stefano Soldan la cerimonia \u00e8 iniziata con la benedizione del mezzo da parte di Don Giuseppe Nadal del Duomo di Pieve di Soligo e di seguito c\u2019\u00e8 stata una breve dimostrazione di come sar\u00e0 utilizzato e allestito per il servizio al territorio. Le operatrici della struttura hanno fatto vedere \u00a0come il Bath Bed (bagno a domicilio) e il Sollevatore Attivo siano facilmente collocati all\u2019interno del mezzo per il loro utilizzo e con l\u2019occasione per la curiosit\u00e0 dei presenti, la direttrice ha spiegato l\u2019innovazione del bagno a domicilio, di fondamentale importanza per le persone allettate.Un ringraziamento per il contributo va al Presidente della <strong>Banca di Credito delle Prealpi<\/strong> sig. Carlo Antiga al vice Presidente, ai direttori della <strong>BCCP<\/strong> di Pieve di Soligo e Refrontolo, ai soci ai titolari della <strong>Eurovo srl <\/strong>sigg. Siro e Ireno Lionello, ai titolari della <strong>Bocon srl<\/strong>\u00a0 sigg. Luca e Donatella Ricci e allo <strong>Studio Sech <\/strong>di Pieve di Soligo che hanno dato la possibilit\u00e0 di offrire un sostegno alla struttura per l\u2019acquisto del veicolo.A completamento della generosit\u00e0 dimostrata un ringraziamento va inoltre dato alla <strong>famiglia Lorenzon<\/strong> per aver realizzato la pompeiana che riparer\u00e0 il mezzo dalle intemperie.<\/p>\n<p><strong>Presenti<\/strong><\/p>\n<p>Il Sindaco di Pieve di Soligo sig. Stefano Soldan, il Vice Presidente Vicario della Banca di Credito Cooperativo delle Prealpi il signor Flavio Salvador in rappresentanza del Presidente, il direttore della BCCP di Refrontolo e il vice direttore della BCCP di Pieve di Soligo, alcuni Consiglieri del CDA della Fondazione, la sig.ra Paola Lorenzon del comune di Refrontolo, la sig.ra Anna d\u2019Agostin dell\u2019Associazione San Vincenzo del Paoli, il presidente degli Alpini di Pieve di Soligo sig. Albino Bertazzon, il sig. Franceschet della ditta Ottavian, il Presidente del Consiglio degli Anziani della Fondazione sig.ra Simonetta Antoniazzi e il Dott. Badii Flavio in rappresentanza del consiglio degli anziani della Fondazione.<\/p>\n<p><strong>Ringraziamenti ai non presenti<\/strong><\/p>\n<p>I signori Siro e Ireno Lionello della Eurovo srl, Sigg. Luca e Donatella Ricci della Bocon srl, Studio Sech di Pieve di Soligo<\/p>\n<p>Al termine della manifestazione rinnovo dei ringraziamenti ai presenti e un brindisi a conclusione della giornata.<\/p>\n<p><img loading=\"lazy\" decoding=\"async\" class=\"alignnone size-medium wp-image-11979\" src=\"http:\/\/www.fondazionecasaperanziani.it\/wp-content\/uploads\/2019\/05\/DSC_0236-300x200.jpg\" alt=\"\" width=\"300\" height=\"200\" srcset=\"https:\/\/www.fondazionecasaperanziani.it\/wp-content\/uploads\/2019\/05\/DSC_0236-300x200.jpg 300w, https:\/\/www.fondazionecasaperanziani.it\/wp-content\/uploads\/2019\/05\/DSC_0236-768x512.jpg 768w, https:\/\/www.fondazionecasaperanziani.it\/wp-content\/uploads\/2019\/05\/DSC_0236-1024x683.jpg 1024w, https:\/\/www.fondazionecasaperanziani.it\/wp-content\/uploads\/2019\/05\/DSC_0236-1400x933.jpg 1400w, https:\/\/www.fondazionecasaperanziani.it\/wp-content\/uploads\/2019\/05\/DSC_0236-800x533.jpg 800w\" sizes=\"auto, (max-width: 300px) 100vw, 300px\" \/> <img loading=\"lazy\" decoding=\"async\" class=\"alignnone size-medium wp-image-11981\" src=\"http:\/\/www.fondazionecasaperanziani.it\/wp-content\/uploads\/2019\/05\/DSC_0269-1-300x200.jpg\" alt=\"\" width=\"300\" height=\"200\" srcset=\"https:\/\/www.fondazionecasaperanziani.it\/wp-content\/uploads\/2019\/05\/DSC_0269-1-300x200.jpg 300w, https:\/\/www.fondazionecasaperanziani.it\/wp-content\/uploads\/2019\/05\/DSC_0269-1-768x512.jpg 768w, https:\/\/www.fondazionecasaperanziani.it\/wp-content\/uploads\/2019\/05\/DSC_0269-1-1024x683.jpg 1024w, https:\/\/www.fondazionecasaperanziani.it\/wp-content\/uploads\/2019\/05\/DSC_0269-1-1400x933.jpg 1400w, https:\/\/www.fondazionecasaperanziani.it\/wp-content\/uploads\/2019\/05\/DSC_0269-1-800x533.jpg 800w\" sizes=\"auto, (max-width: 300px) 100vw, 300px\" \/> <img loading=\"lazy\" decoding=\"async\" class=\"alignnone size-medium wp-image-11982\" src=\"http:\/\/www.fondazionecasaperanziani.it\/wp-content\/uploads\/2019\/05\/DSC_0279-300x200.jpg\" alt=\"\" width=\"300\" height=\"200\" srcset=\"https:\/\/www.fondazionecasaperanziani.it\/wp-content\/uploads\/2019\/05\/DSC_0279-300x200.jpg 300w, https:\/\/www.fondazionecasaperanziani.it\/wp-content\/uploads\/2019\/05\/DSC_0279-768x512.jpg 768w, https:\/\/www.fondazionecasaperanziani.it\/wp-content\/uploads\/2019\/05\/DSC_0279-1024x683.jpg 1024w, https:\/\/www.fondazionecasaperanziani.it\/wp-content\/uploads\/2019\/05\/DSC_0279-1400x933.jpg 1400w, https:\/\/www.fondazionecasaperanziani.it\/wp-content\/uploads\/2019\/05\/DSC_0279-800x533.jpg 800w\" sizes=\"auto, (max-width: 300px) 100vw, 300px\" \/> <img loading=\"lazy\" decoding=\"async\" class=\"alignnone size-medium wp-image-11983\" src=\"http:\/\/www.fondazionecasaperanziani.it\/wp-content\/uploads\/2019\/05\/DSC_0284-300x200.jpg\" alt=\"\" width=\"300\" height=\"200\" srcset=\"https:\/\/www.fondazionecasaperanziani.it\/wp-content\/uploads\/2019\/05\/DSC_0284-300x200.jpg 300w, https:\/\/www.fondazionecasaperanziani.it\/wp-content\/uploads\/2019\/05\/DSC_0284-768x512.jpg 768w, https:\/\/www.fondazionecasaperanziani.it\/wp-content\/uploads\/2019\/05\/DSC_0284-1024x683.jpg 1024w, https:\/\/www.fondazionecasaperanziani.it\/wp-content\/uploads\/2019\/05\/DSC_0284-1400x933.jpg 1400w, https:\/\/www.fondazionecasaperanziani.it\/wp-content\/uploads\/2019\/05\/DSC_0284-800x533.jpg 800w\" sizes=\"auto, (max-width: 300px) 100vw, 300px\" \/><\/p>\n","protected":false},"excerpt":{"rendered":"<p>&nbsp; &nbsp; &nbsp; Il 30 maggio presso il centro di servizi \u201cFondazione Casa per Anziani\u201d ONLUS di Pieve di Soligo, si \u00e8 tenuta l\u2019inaugurazione del veicolo FIAT DOBLO\u2019 allestito inoltre anche per il trasporto disabili e acquistato grazie ai contributi della Banca di Credito Cooperativo delle Prealpi, della Eurovo srl e della Bocon srl. Esso sar\u00e0 destinato per il servizio al territorio che ormai da anni vede protagonista la Fondazione Casa per Anziani con il \u201cProgetto Benessere Terza Et\u00e0\u201d.Per noi [&hellip;]<\/p>\n","protected":false},"author":5,"featured_media":11983,"comment_status":"closed","ping_status":"closed","sticky":false,"template":"","format":"standard","meta":{"footnotes":""},"categories":[60],"tags":[],"class_list":["post-11977","post","type-post","status-publish","format-standard","has-post-thumbnail","hentry","category-eventi"],"_links":{"self":[{"href":"https:\/\/www.fondazionecasaperanziani.it\/index.php?rest_route=\/wp\/v2\/posts\/11977","targetHints":{"allow":["GET"]}}],"collection":[{"href":"https:\/\/www.fondazionecasaperanziani.it\/index.php?rest_route=\/wp\/v2\/posts"}],"about":[{"href":"https:\/\/www.fondazionecasaperanziani.it\/index.php?rest_route=\/wp\/v2\/types\/post"}],"author":[{"embeddable":true,"href":"https:\/\/www.fondazionecasaperanziani.it\/index.php?rest_route=\/wp\/v2\/users\/5"}],"replies":[{"embeddable":true,"href":"https:\/\/www.fondazionecasaperanziani.it\/index.php?rest_route=%2Fwp%2Fv2%2Fcomments&post=11977"}],"version-history":[{"count":7,"href":"https:\/\/www.fondazionecasaperanziani.it\/index.php?rest_route=\/wp\/v2\/posts\/11977\/revisions"}],"predecessor-version":[{"id":11994,"href":"https:\/\/www.fondazionecasaperanziani.it\/index.php?rest_route=\/wp\/v2\/posts\/11977\/revisions\/11994"}],"wp:featuredmedia":[{"embeddable":true,"href":"https:\/\/www.fondazionecasaperanziani.it\/index.php?rest_route=\/wp\/v2\/media\/11983"}],"wp:attachment":[{"href":"https:\/\/www.fondazionecasaperanziani.it\/index.php?rest_route=%2Fwp%2Fv2%2Fmedia&parent=11977"}],"wp:term":[{"taxonomy":"category","embeddable":true,"href":"https:\/\/www.fondazionecasaperanziani.it\/index.php?rest_route=%2Fwp%2Fv2%2Fcategories&post=11977"},{"taxonomy":"post_tag","embeddable":true,"href":"https:\/\/www.fondazionecasaperanziani.it\/index.php?rest_route=%2Fwp%2Fv2%2Ftags&post=11977"}],"curies":[{"name":"wp","href":"https:\/\/api.w.org\/{rel}","templated":true}]}}